{"id":269,"date":"2020-12-07T07:00:00","date_gmt":"2020-12-07T07:00:00","guid":{"rendered":"http:\/\/higuertropic.com\/?p=269"},"modified":"2020-11-11T00:23:52","modified_gmt":"2020-11-11T00:23:52","slug":"fondos-privados-o-mercado-voluntario-de-carbono-parte-2","status":"publish","type":"post","link":"https:\/\/higuertropic.com\/en\/fondos-privados-o-mercado-voluntario-de-carbono-parte-2\/","title":{"rendered":"Fondos privados o mercado voluntario de carbono | Parte 3"},"content":{"rendered":"<div class=\"wp-block-image\"><figure class=\"alignleft size-medium\"><img fetchpriority=\"high\" decoding=\"async\" width=\"300\" height=\"169\" src=\"https:\/\/higuertropic.com\/wp-content\/uploads\/2020\/11\/green-park-season-1072828-300x169.jpg\" alt=\"\" class=\"wp-image-68\" srcset=\"https:\/\/higuertropic.com\/wp-content\/uploads\/2020\/11\/green-park-season-1072828-300x169.jpg 300w, https:\/\/higuertropic.com\/wp-content\/uploads\/2020\/11\/green-park-season-1072828-1024x576.jpg 1024w, https:\/\/higuertropic.com\/wp-content\/uploads\/2020\/11\/green-park-season-1072828-768x432.jpg 768w, https:\/\/higuertropic.com\/wp-content\/uploads\/2020\/11\/green-park-season-1072828.jpg 1280w\" sizes=\"(max-width: 300px) 100vw, 300px\" \/><\/figure><\/div>\n\n\n\n<p class=\"wp-block-paragraph\">Una cosa importante que hay que observar, si el car\u00e1cter voluntario no depende de ninguna norma u organismo regulador que actualmente exija el cumplimiento de est\u00e1ndares de calidad en relaci\u00f3n con el desarrollo y comercializaci\u00f3n (DEUMAN 2008) y que tampoco lo obligue llegar a acuerdos, impondr\u00edan restricciones a los pueblos ind\u00edgenas en nombre de la protecci\u00f3n del carbono (Erni, C. &amp; Helen eds. 2010). Por ejemplo, mientras los pueblos ind\u00edgenas y\/o comunidades locales conservan y protegen los bosques para disminuir las emisiones de carbono en la atm\u00f3sfera, las empresas como las a\u00e9reas, debido a limitaciones tecnol\u00f3gicas actuales, seguir\u00e1n quemando combustibles f\u00f3siles, para seguir ofreciendo servicios de transporte y generando capitales.<\/p>\n\n\n\n<p class=\"wp-block-paragraph\">El conocimiento sobre REDD+ y sus implicaciones es a\u00fan limitada entre nuestras comunidades. Entonces, es muy importante estar plenamente informados de lo que planean hacer los gobiernos nacionales, empresas y ONGs (nacional e internacional) con REDD+ de modo que las comunidades ind\u00edgenas est\u00e9n conscientes de las posibles repercusiones en sus tierras, recursos o territorios (Erni, C. &amp; Helen eds. 2010; Experiencias\u2026 2011).<\/p>\n\n\n\n<p class=\"wp-block-paragraph\"><strong>Conclusi\u00f3n REDD+<\/strong><\/p>\n\n\n\n<p class=\"wp-block-paragraph\">Que en la forma en que actualmente ha sido dise\u00f1ado REDD+, tiene varias debilidades, incluso peligros. Algunos problemas son ante todo t\u00e9cnicos, sin embargo la mayor\u00eda son de car\u00e1cter \u00e9tico.<\/p>\n\n\n\n<p class=\"wp-block-paragraph\">El mercado voluntario de carbono o las empresas tienen la libertad de fijar sus propias metas, por lo que los motivos que originan estas iniciativas pueden responder a objetivos que difieren de la b\u00fasqueda por mitigar el Cambio Clim\u00e1tico. Sin embargo no se trata de restar importancia a la acci\u00f3n voluntaria del sector empresarial ya que existen empresas innovadoras que a conciencia quieren que las emisiones disminuyan (DEUMAN 2008).<\/p>\n\n\n\n<p class=\"wp-block-paragraph\">En cualquier caso, para las comunidades locales e ind\u00edgenas y sus dirigentes, es importante saber en qu\u00e9 consiste REDD+, cu\u00e1les son las posibles ventajas y los posibles impactos negativos, de manera que ellas est\u00e9n preparadas y puedan dialogar, negociar y defender sus derechos en caso de que los Programas REDD+ tengan como objetivo sus tierras y territorios (Castillo 2009; REDD 2009; Erni, C. &amp; Helen eds. 2010; Experiencias\u20262011).<\/p>\n\n\n\n<p class=\"wp-block-paragraph\">Debemos ser nosotros mismos, los garantes de nuestra propia existencia en la construcci\u00f3n de una REDD+ propia, anteponiendo nuestra prioridad territorial y gobernanza a partir de nuestros conocimientos tradicionales, nuestros principios como pueblos o naciones (Experiencias\u20262011)<\/p>","protected":false},"excerpt":{"rendered":"<p>Perfecto, las acciones voluntarias han producido alg\u00fan impacto, sin embargo, debido a la amenaza a escala global que representa el Cambio Clim\u00e1tico, el voluntarismo no puede remplazar la acci\u00f3n efectiva del Estado, es decir las metas legalmente vinculantes (DEUMAN 2008).<\/p>","protected":false},"author":1,"featured_media":0,"comment_status":"open","ping_status":"open","sticky":false,"template":"","format":"aside","meta":{"site-sidebar-layout":"right-sidebar","site-content-layout":"boxed-container","ast-site-content-layout":"default","site-content-style":"default","site-sidebar-style":"default","ast-global-header-display":"","ast-banner-title-visibility":"","ast-main-header-display":"","ast-hfb-above-header-display":"","ast-hfb-below-header-display":"","ast-hfb-mobile-header-display":"","site-post-title":"","ast-breadcrumbs-content":"","ast-featured-img":"","footer-sml-layout":"","ast-disable-related-posts":"","theme-transparent-header-meta":"default","adv-header-id-meta":"","stick-header-meta":"","header-above-stick-meta":"","header-main-stick-meta":"","header-below-stick-meta":"","astra-migrate-meta-layouts":"default","ast-page-background-enabled":"default","ast-page-background-meta":{"desktop":{"background-color":"","background-image":"","background-repeat":"repeat","background-position":"center center","background-size":"auto","background-attachment":"scroll","background-type":"","background-media":"","overlay-type":"","overlay-color":"","overlay-opacity":"","overlay-gradient":""},"tablet":{"background-color":"","background-image":"","background-repeat":"repeat","background-position":"center center","background-size":"auto","background-attachment":"scroll","background-type":"","background-media":"","overlay-type":"","overlay-color":"","overlay-opacity":"","overlay-gradient":""},"mobile":{"background-color":"","background-image":"","background-repeat":"repeat","background-position":"center center","background-size":"auto","background-attachment":"scroll","background-type":"","background-media":"","overlay-type":"","overlay-color":"","overlay-opacity":"","overlay-gradient":""}},"ast-content-background-meta":{"desktop":{"background-color":"var(--ast-global-color-5)","background-image":"","background-repeat":"repeat","background-position":"center center","background-size":"auto","background-attachment":"scroll","background-type":"","background-media":"","overlay-type":"","overlay-color":"","overlay-opacity":"","overlay-gradient":""},"tablet":{"background-color":"var(--ast-global-color-5)","background-image":"","background-repeat":"repeat","background-position":"center center","background-size":"auto","background-attachment":"scroll","background-type":"","background-media":"","overlay-type":"","overlay-color":"","overlay-opacity":"","overlay-gradient":""},"mobile":{"background-color":"var(--ast-global-color-5)","background-image":"","background-repeat":"repeat","background-position":"center center","background-size":"auto","background-attachment":"scroll","background-type":"","background-media":"","overlay-type":"","overlay-color":"","overlay-opacity":"","overlay-gradient":""}},"footnotes":""},"categories":[4,14],"tags":[9,11],"class_list":["post-269","post","type-post","status-publish","format-aside","hentry","category-carbono","category-redd","tag-bosques","tag-redd","post_format-post-format-aside"],"yoast_head":"<!-- This site is optimized with the Yoast SEO plugin v28.4 - https:\/\/yoast.com\/product\/yoast-seo-wordpress\/ -->\n<title>Fondos privados o mercado voluntario de carbono | Parte 3 - Higuertropic<\/title>\n<meta name=\"robots\" content=\"index, follow, max-snippet:-1, max-image-preview:large, max-video-preview:-1\" \/>\n<link rel=\"canonical\" href=\"https:\/\/higuertropic.com\/en\/fondos-privados-o-mercado-voluntario-de-carbono-parte-2\/\" \/>\n<meta property=\"og:locale\" content=\"en_US\" \/>\n<meta property=\"og:type\" content=\"article\" \/>\n<meta property=\"og:title\" content=\"Fondos privados o mercado voluntario de carbono | Parte 3 - Higuertropic\" \/>\n<meta property=\"og:description\" content=\"Perfecto, las acciones voluntarias han producido alg\u00fan impacto, sin embargo, debido a la amenaza a escala global que representa el Cambio Clim\u00e1tico, el voluntarismo no puede remplazar la acci\u00f3n efectiva del Estado, es decir las metas legalmente vinculantes (DEUMAN 2008).\" \/>\n<meta property=\"og:url\" content=\"https:\/\/higuertropic.com\/en\/fondos-privados-o-mercado-voluntario-de-carbono-parte-2\/\" \/>\n<meta property=\"og:site_name\" content=\"Higuertropic\" \/>\n<meta property=\"article:published_time\" content=\"2020-12-07T07:00:00+00:00\" \/>\n<meta property=\"og:image\" content=\"https:\/\/higuertropic.com\/wp-content\/uploads\/2020\/11\/green-park-season-1072828.jpg\" \/>\n\t<meta property=\"og:image:width\" content=\"1280\" \/>\n\t<meta property=\"og:image:height\" content=\"720\" \/>\n\t<meta property=\"og:image:type\" content=\"image\/jpeg\" \/>\n<meta name=\"author\" content=\"Higuertropic\" \/>\n<meta name=\"twitter:card\" content=\"summary_large_image\" \/>\n<meta name=\"twitter:label1\" content=\"Written by\" \/>\n\t<meta name=\"twitter:data1\" content=\"Higuertropic\" \/>\n\t<meta name=\"twitter:label2\" content=\"Est. reading time\" \/>\n\t<meta name=\"twitter:data2\" content=\"2 minutes\" \/>\n<script type=\"application\/ld+json\" class=\"yoast-schema-graph\">{\"@context\":\"https:\\\/\\\/schema.org\",\"@graph\":[{\"@type\":\"Article\",\"@id\":\"https:\\\/\\\/higuertropic.com\\\/fondos-privados-o-mercado-voluntario-de-carbono-parte-2\\\/#article\",\"isPartOf\":{\"@id\":\"https:\\\/\\\/higuertropic.com\\\/fondos-privados-o-mercado-voluntario-de-carbono-parte-2\\\/\"},\"author\":{\"name\":\"Higuertropic\",\"@id\":\"https:\\\/\\\/higuertropic.com\\\/#\\\/schema\\\/person\\\/bd7c34fb033dd63ddcd209913eacd33d\"},\"headline\":\"Fondos privados o mercado voluntario de carbono | Parte 3\",\"datePublished\":\"2020-12-07T07:00:00+00:00\",\"mainEntityOfPage\":{\"@id\":\"https:\\\/\\\/higuertropic.com\\\/fondos-privados-o-mercado-voluntario-de-carbono-parte-2\\\/\"},\"wordCount\":406,\"commentCount\":0,\"publisher\":{\"@id\":\"https:\\\/\\\/higuertropic.com\\\/#organization\"},\"image\":{\"@id\":\"https:\\\/\\\/higuertropic.com\\\/fondos-privados-o-mercado-voluntario-de-carbono-parte-2\\\/#primaryimage\"},\"thumbnailUrl\":\"https:\\\/\\\/higuertropic.com\\\/wp-content\\\/uploads\\\/2020\\\/11\\\/green-park-season-1072828-300x169.jpg\",\"keywords\":[\"Bosques\",\"Redd+\"],\"articleSection\":[\"Bonos de Carbono\",\"REDD\"],\"inLanguage\":\"en-US\",\"potentialAction\":[{\"@type\":\"CommentAction\",\"name\":\"Comment\",\"target\":[\"https:\\\/\\\/higuertropic.com\\\/fondos-privados-o-mercado-voluntario-de-carbono-parte-2\\\/#respond\"]}]},{\"@type\":\"WebPage\",\"@id\":\"https:\\\/\\\/higuertropic.com\\\/fondos-privados-o-mercado-voluntario-de-carbono-parte-2\\\/\",\"url\":\"https:\\\/\\\/higuertropic.com\\\/fondos-privados-o-mercado-voluntario-de-carbono-parte-2\\\/\",\"name\":\"Fondos privados o mercado voluntario de carbono | Parte 3 - Higuertropic\",\"isPartOf\":{\"@id\":\"https:\\\/\\\/higuertropic.com\\\/#website\"},\"primaryImageOfPage\":{\"@id\":\"https:\\\/\\\/higuertropic.com\\\/fondos-privados-o-mercado-voluntario-de-carbono-parte-2\\\/#primaryimage\"},\"image\":{\"@id\":\"https:\\\/\\\/higuertropic.com\\\/fondos-privados-o-mercado-voluntario-de-carbono-parte-2\\\/#primaryimage\"},\"thumbnailUrl\":\"https:\\\/\\\/higuertropic.com\\\/wp-content\\\/uploads\\\/2020\\\/11\\\/green-park-season-1072828-300x169.jpg\",\"datePublished\":\"2020-12-07T07:00:00+00:00\",\"breadcrumb\":{\"@id\":\"https:\\\/\\\/higuertropic.com\\\/fondos-privados-o-mercado-voluntario-de-carbono-parte-2\\\/#breadcrumb\"},\"inLanguage\":\"en-US\",\"potentialAction\":[{\"@type\":\"ReadAction\",\"target\":[\"https:\\\/\\\/higuertropic.com\\\/fondos-privados-o-mercado-voluntario-de-carbono-parte-2\\\/\"]}]},{\"@type\":\"ImageObject\",\"inLanguage\":\"en-US\",\"@id\":\"https:\\\/\\\/higuertropic.com\\\/fondos-privados-o-mercado-voluntario-de-carbono-parte-2\\\/#primaryimage\",\"url\":\"https:\\\/\\\/higuertropic.com\\\/wp-content\\\/uploads\\\/2020\\\/11\\\/green-park-season-1072828-300x169.jpg\",\"contentUrl\":\"https:\\\/\\\/higuertropic.com\\\/wp-content\\\/uploads\\\/2020\\\/11\\\/green-park-season-1072828-300x169.jpg\"},{\"@type\":\"BreadcrumbList\",\"@id\":\"https:\\\/\\\/higuertropic.com\\\/fondos-privados-o-mercado-voluntario-de-carbono-parte-2\\\/#breadcrumb\",\"itemListElement\":[{\"@type\":\"ListItem\",\"position\":1,\"name\":\"Portada\",\"item\":\"https:\\\/\\\/higuertropic.com\\\/\"},{\"@type\":\"ListItem\",\"position\":2,\"name\":\"Fondos privados o mercado voluntario de carbono | Parte 3\"}]},{\"@type\":\"WebSite\",\"@id\":\"https:\\\/\\\/higuertropic.com\\\/#website\",\"url\":\"https:\\\/\\\/higuertropic.com\\\/\",\"name\":\"Higuertropic\",\"description\":\"Cuidando el bosque con usted\",\"publisher\":{\"@id\":\"https:\\\/\\\/higuertropic.com\\\/#organization\"},\"potentialAction\":[{\"@type\":\"SearchAction\",\"target\":{\"@type\":\"EntryPoint\",\"urlTemplate\":\"https:\\\/\\\/higuertropic.com\\\/?s={search_term_string}\"},\"query-input\":{\"@type\":\"PropertyValueSpecification\",\"valueRequired\":true,\"valueName\":\"search_term_string\"}}],\"inLanguage\":\"en-US\"},{\"@type\":\"Organization\",\"@id\":\"https:\\\/\\\/higuertropic.com\\\/#organization\",\"name\":\"Higuertropic\",\"url\":\"https:\\\/\\\/higuertropic.com\\\/\",\"logo\":{\"@type\":\"ImageObject\",\"inLanguage\":\"en-US\",\"@id\":\"https:\\\/\\\/higuertropic.com\\\/#\\\/schema\\\/logo\\\/image\\\/\",\"url\":\"https:\\\/\\\/higuertropic.com\\\/wp-content\\\/uploads\\\/2020\\\/11\\\/higuertropic.png\",\"contentUrl\":\"https:\\\/\\\/higuertropic.com\\\/wp-content\\\/uploads\\\/2020\\\/11\\\/higuertropic.png\",\"width\":491,\"height\":179,\"caption\":\"Higuertropic\"},\"image\":{\"@id\":\"https:\\\/\\\/higuertropic.com\\\/#\\\/schema\\\/logo\\\/image\\\/\"}},{\"@type\":\"Person\",\"@id\":\"https:\\\/\\\/higuertropic.com\\\/#\\\/schema\\\/person\\\/bd7c34fb033dd63ddcd209913eacd33d\",\"name\":\"Higuertropic\",\"image\":{\"@type\":\"ImageObject\",\"inLanguage\":\"en-US\",\"@id\":\"https:\\\/\\\/secure.gravatar.com\\\/avatar\\\/6ec241f1dfd6d29648cccf31d054f64f2eb39188db2b0675b9528f2903c2a500?s=96&d=mm&r=g\",\"url\":\"https:\\\/\\\/secure.gravatar.com\\\/avatar\\\/6ec241f1dfd6d29648cccf31d054f64f2eb39188db2b0675b9528f2903c2a500?s=96&d=mm&r=g\",\"contentUrl\":\"https:\\\/\\\/secure.gravatar.com\\\/avatar\\\/6ec241f1dfd6d29648cccf31d054f64f2eb39188db2b0675b9528f2903c2a500?s=96&d=mm&r=g\",\"caption\":\"Higuertropic\"},\"sameAs\":[\"https:\\\/\\\/higuertropic.com\"],\"url\":\"https:\\\/\\\/higuertropic.com\\\/en\\\/author\\\/admin\\\/\"}]}<\/script>\n<!-- \/ Yoast SEO plugin. -->","yoast_head_json":{"title":"Fondos privados o mercado voluntario de carbono | Parte 3 - Higuertropic","robots":{"index":"index","follow":"follow","max-snippet":"max-snippet:-1","max-image-preview":"max-image-preview:large","max-video-preview":"max-video-preview:-1"},"canonical":"https:\/\/higuertropic.com\/en\/fondos-privados-o-mercado-voluntario-de-carbono-parte-2\/","og_locale":"en_US","og_type":"article","og_title":"Fondos privados o mercado voluntario de carbono | Parte 3 - Higuertropic","og_description":"Perfecto, las acciones voluntarias han producido alg\u00fan impacto, sin embargo, debido a la amenaza a escala global que representa el Cambio Clim\u00e1tico, el voluntarismo no puede remplazar la acci\u00f3n efectiva del Estado, es decir las metas legalmente vinculantes (DEUMAN 2008).","og_url":"https:\/\/higuertropic.com\/en\/fondos-privados-o-mercado-voluntario-de-carbono-parte-2\/","og_site_name":"Higuertropic","article_published_time":"2020-12-07T07:00:00+00:00","og_image":[{"width":1280,"height":720,"url":"https:\/\/higuertropic.com\/wp-content\/uploads\/2020\/11\/green-park-season-1072828.jpg","type":"image\/jpeg"}],"author":"Higuertropic","twitter_card":"summary_large_image","twitter_misc":{"Written by":"Higuertropic","Est. reading time":"2 minutes"},"schema":{"@context":"https:\/\/schema.org","@graph":[{"@type":"Article","@id":"https:\/\/higuertropic.com\/fondos-privados-o-mercado-voluntario-de-carbono-parte-2\/#article","isPartOf":{"@id":"https:\/\/higuertropic.com\/fondos-privados-o-mercado-voluntario-de-carbono-parte-2\/"},"author":{"name":"Higuertropic","@id":"https:\/\/higuertropic.com\/#\/schema\/person\/bd7c34fb033dd63ddcd209913eacd33d"},"headline":"Fondos privados o mercado voluntario de carbono | Parte 3","datePublished":"2020-12-07T07:00:00+00:00","mainEntityOfPage":{"@id":"https:\/\/higuertropic.com\/fondos-privados-o-mercado-voluntario-de-carbono-parte-2\/"},"wordCount":406,"commentCount":0,"publisher":{"@id":"https:\/\/higuertropic.com\/#organization"},"image":{"@id":"https:\/\/higuertropic.com\/fondos-privados-o-mercado-voluntario-de-carbono-parte-2\/#primaryimage"},"thumbnailUrl":"https:\/\/higuertropic.com\/wp-content\/uploads\/2020\/11\/green-park-season-1072828-300x169.jpg","keywords":["Bosques","Redd+"],"articleSection":["Bonos de Carbono","REDD"],"inLanguage":"en-US","potentialAction":[{"@type":"CommentAction","name":"Comment","target":["https:\/\/higuertropic.com\/fondos-privados-o-mercado-voluntario-de-carbono-parte-2\/#respond"]}]},{"@type":"WebPage","@id":"https:\/\/higuertropic.com\/fondos-privados-o-mercado-voluntario-de-carbono-parte-2\/","url":"https:\/\/higuertropic.com\/fondos-privados-o-mercado-voluntario-de-carbono-parte-2\/","name":"Fondos privados o mercado voluntario de carbono | Parte 3 - Higuertropic","isPartOf":{"@id":"https:\/\/higuertropic.com\/#website"},"primaryImageOfPage":{"@id":"https:\/\/higuertropic.com\/fondos-privados-o-mercado-voluntario-de-carbono-parte-2\/#primaryimage"},"image":{"@id":"https:\/\/higuertropic.com\/fondos-privados-o-mercado-voluntario-de-carbono-parte-2\/#primaryimage"},"thumbnailUrl":"https:\/\/higuertropic.com\/wp-content\/uploads\/2020\/11\/green-park-season-1072828-300x169.jpg","datePublished":"2020-12-07T07:00:00+00:00","breadcrumb":{"@id":"https:\/\/higuertropic.com\/fondos-privados-o-mercado-voluntario-de-carbono-parte-2\/#breadcrumb"},"inLanguage":"en-US","potentialAction":[{"@type":"ReadAction","target":["https:\/\/higuertropic.com\/fondos-privados-o-mercado-voluntario-de-carbono-parte-2\/"]}]},{"@type":"ImageObject","inLanguage":"en-US","@id":"https:\/\/higuertropic.com\/fondos-privados-o-mercado-voluntario-de-carbono-parte-2\/#primaryimage","url":"https:\/\/higuertropic.com\/wp-content\/uploads\/2020\/11\/green-park-season-1072828-300x169.jpg","contentUrl":"https:\/\/higuertropic.com\/wp-content\/uploads\/2020\/11\/green-park-season-1072828-300x169.jpg"},{"@type":"BreadcrumbList","@id":"https:\/\/higuertropic.com\/fondos-privados-o-mercado-voluntario-de-carbono-parte-2\/#breadcrumb","itemListElement":[{"@type":"ListItem","position":1,"name":"Portada","item":"https:\/\/higuertropic.com\/"},{"@type":"ListItem","position":2,"name":"Fondos privados o mercado voluntario de carbono | Parte 3"}]},{"@type":"WebSite","@id":"https:\/\/higuertropic.com\/#website","url":"https:\/\/higuertropic.com\/","name":"Higuertropic","description":"Cuidando el bosque con usted","publisher":{"@id":"https:\/\/higuertropic.com\/#organization"},"potentialAction":[{"@type":"SearchAction","target":{"@type":"EntryPoint","urlTemplate":"https:\/\/higuertropic.com\/?s={search_term_string}"},"query-input":{"@type":"PropertyValueSpecification","valueRequired":true,"valueName":"search_term_string"}}],"inLanguage":"en-US"},{"@type":"Organization","@id":"https:\/\/higuertropic.com\/#organization","name":"Higuertropic","url":"https:\/\/higuertropic.com\/","logo":{"@type":"ImageObject","inLanguage":"en-US","@id":"https:\/\/higuertropic.com\/#\/schema\/logo\/image\/","url":"https:\/\/higuertropic.com\/wp-content\/uploads\/2020\/11\/higuertropic.png","contentUrl":"https:\/\/higuertropic.com\/wp-content\/uploads\/2020\/11\/higuertropic.png","width":491,"height":179,"caption":"Higuertropic"},"image":{"@id":"https:\/\/higuertropic.com\/#\/schema\/logo\/image\/"}},{"@type":"Person","@id":"https:\/\/higuertropic.com\/#\/schema\/person\/bd7c34fb033dd63ddcd209913eacd33d","name":"Higuertropic","image":{"@type":"ImageObject","inLanguage":"en-US","@id":"https:\/\/secure.gravatar.com\/avatar\/6ec241f1dfd6d29648cccf31d054f64f2eb39188db2b0675b9528f2903c2a500?s=96&d=mm&r=g","url":"https:\/\/secure.gravatar.com\/avatar\/6ec241f1dfd6d29648cccf31d054f64f2eb39188db2b0675b9528f2903c2a500?s=96&d=mm&r=g","contentUrl":"https:\/\/secure.gravatar.com\/avatar\/6ec241f1dfd6d29648cccf31d054f64f2eb39188db2b0675b9528f2903c2a500?s=96&d=mm&r=g","caption":"Higuertropic"},"sameAs":["https:\/\/higuertropic.com"],"url":"https:\/\/higuertropic.com\/en\/author\/admin\/"}]}},"_links":{"self":[{"href":"https:\/\/higuertropic.com\/en\/wp-json\/wp\/v2\/posts\/269","targetHints":{"allow":["GET"]}}],"collection":[{"href":"https:\/\/higuertropic.com\/en\/wp-json\/wp\/v2\/posts"}],"about":[{"href":"https:\/\/higuertropic.com\/en\/wp-json\/wp\/v2\/types\/post"}],"author":[{"embeddable":true,"href":"https:\/\/higuertropic.com\/en\/wp-json\/wp\/v2\/users\/1"}],"replies":[{"embeddable":true,"href":"https:\/\/higuertropic.com\/en\/wp-json\/wp\/v2\/comments?post=269"}],"version-history":[{"count":5,"href":"https:\/\/higuertropic.com\/en\/wp-json\/wp\/v2\/posts\/269\/revisions"}],"predecessor-version":[{"id":886,"href":"https:\/\/higuertropic.com\/en\/wp-json\/wp\/v2\/posts\/269\/revisions\/886"}],"wp:attachment":[{"href":"https:\/\/higuertropic.com\/en\/wp-json\/wp\/v2\/media?parent=269"}],"wp:term":[{"taxonomy":"category","embeddable":true,"href":"https:\/\/higuertropic.com\/en\/wp-json\/wp\/v2\/categories?post=269"},{"taxonomy":"post_tag","embeddable":true,"href":"https:\/\/higuertropic.com\/en\/wp-json\/wp\/v2\/tags?post=269"}],"curies":[{"name":"wp","href":"https:\/\/api.w.org\/{rel}","templated":true}]}}